{"id":7294,"date":"2025-12-14T14:39:09","date_gmt":"2025-12-14T14:39:09","guid":{"rendered":"https:\/\/www.teslatravel.com\/tr\/?p=7294"},"modified":"2025-12-14T14:41:51","modified_gmt":"2025-12-14T14:41:51","slug":"geminid-meteor-yagmuru-2025","status":"publish","type":"post","link":"https:\/\/www.teslatravel.com\/tr\/geminid-meteor-yagmuru-2025\/","title":{"rendered":"Geminid Meteor Ya\u011fmuru 2025"},"content":{"rendered":"<div id=\"ez-toc-container\" class=\"ez-toc-v2_0_82_2 ez-toc-wrap-center counter-hierarchy ez-toc-counter ez-toc-light-blue ez-toc-container-direction\">\n<div class=\"ez-toc-title-container\">\n<p class=\"ez-toc-title\" style=\"cursor:inherit\">Tesla Travel Turkey<\/p>\n<span class=\"ez-toc-title-toggle\"><a href=\"#\" class=\"ez-toc-pull-right ez-toc-btn ez-toc-btn-xs ez-toc-btn-default ez-toc-toggle\" aria-label=\"\u0130\u00e7indekiler Tablosunu A\u00e7\/Kapat\"><span class=\"ez-toc-js-icon-con\"><span class=\"\"><span class=\"eztoc-hide\" style=\"display:none;\">Toggle<\/span><span class=\"ez-toc-icon-toggle-span\"><svg style=\"fill: #999;color:#999\" xmlns=\"http:\/\/www.w3.org\/2000\/svg\" class=\"list-377408\" width=\"20px\" height=\"20px\" viewBox=\"0 0 24 24\" fill=\"none\"><path d=\"M6 6H4v2h2V6zm14 0H8v2h12V6zM4 11h2v2H4v-2zm16 0H8v2h12v-2zM4 16h2v2H4v-2zm16 0H8v2h12v-2z\" fill=\"currentColor\"><\/path><\/svg><svg style=\"fill: #999;color:#999\" class=\"arrow-unsorted-368013\" xmlns=\"http:\/\/www.w3.org\/2000\/svg\" width=\"10px\" height=\"10px\" viewBox=\"0 0 24 24\" version=\"1.2\" baseProfile=\"tiny\"><path d=\"M18.2 9.3l-6.2-6.3-6.2 6.3c-.2.2-.3.4-.3.7s.1.5.3.7c.2.2.4.3.7.3h11c.3 0 .5-.1.7-.3.2-.2.3-.5.3-.7s-.1-.5-.3-.7zM5.8 14.7l6.2 6.3 6.2-6.3c.2-.2.3-.5.3-.7s-.1-.5-.3-.7c-.2-.2-.4-.3-.7-.3h-11c-.3 0-.5.1-.7.3-.2.2-.3.5-.3.7s.1.5.3.7z\"\/><\/svg><\/span><\/span><\/span><\/a><\/span><\/div>\n<nav><ul class='ez-toc-list ez-toc-list-level-1 eztoc-toggle-hide-by-default' ><li class='ez-toc-page-1 ez-toc-heading-level-1'><a class=\"ez-toc-link ez-toc-heading-1\" href=\"https:\/\/www.teslatravel.com\/tr\/geminid-meteor-yagmuru-2025\/#Geminid_Meteor_Yagmuru_2025_Mugla_Semalarinda_Gokyuzu_Soleni\" >Geminid Meteor Ya\u011fmuru 2025: Mu\u011fla Semalar\u0131nda G\u00f6ky\u00fcz\u00fc \u015e\u00f6leni<\/a><ul class='ez-toc-list-level-2' ><li class='ez-toc-heading-level-2'><a class=\"ez-toc-link ez-toc-heading-2\" href=\"https:\/\/www.teslatravel.com\/tr\/geminid-meteor-yagmuru-2025\/#Giris_Yilin_En_Buyuleyici_Gok_Olayi\" >Giri\u015f: Y\u0131l\u0131n En B\u00fcy\u00fcleyici G\u00f6k Olay\u0131<\/a><\/li><li class='ez-toc-page-1 ez-toc-heading-level-2'><a class=\"ez-toc-link ez-toc-heading-3\" href=\"https:\/\/www.teslatravel.com\/tr\/geminid-meteor-yagmuru-2025\/#Geminid_Meteor_Yagmuru_Nedir\" >Geminid Meteor Ya\u011fmuru Nedir?<\/a><\/li><li class='ez-toc-page-1 ez-toc-heading-level-2'><a class=\"ez-toc-link ez-toc-heading-4\" href=\"https:\/\/www.teslatravel.com\/tr\/geminid-meteor-yagmuru-2025\/#Muglada_Geminid_Meteor_Yagmurunu_Izlemek\" >Mu\u011fla\u2019da Geminid Meteor Ya\u011fmurunu \u0130zlemek<\/a><\/li><li class='ez-toc-page-1 ez-toc-heading-level-2'><a class=\"ez-toc-link ez-toc-heading-5\" href=\"https:\/\/www.teslatravel.com\/tr\/geminid-meteor-yagmuru-2025\/#Izleme_Icin_Ipuclari\" >\u0130zleme \u0130\u00e7in \u0130pu\u00e7lar\u0131<\/a><\/li><li class='ez-toc-page-1 ez-toc-heading-level-2'><a class=\"ez-toc-link ez-toc-heading-6\" href=\"https:\/\/www.teslatravel.com\/tr\/geminid-meteor-yagmuru-2025\/#Geminid_Meteor_Yagmurunun_Bilimsel_Onemi\" >Geminid Meteor Ya\u011fmurunun Bilimsel \u00d6nemi<\/a><\/li><li class='ez-toc-page-1 ez-toc-heading-level-2'><a class=\"ez-toc-link ez-toc-heading-7\" href=\"https:\/\/www.teslatravel.com\/tr\/geminid-meteor-yagmuru-2025\/#Muglada_Gokyuzu_Turizmi\" >Mu\u011fla\u2019da G\u00f6ky\u00fcz\u00fc Turizmi<\/a><\/li><li class='ez-toc-page-1 ez-toc-heading-level-2'><a class=\"ez-toc-link ez-toc-heading-8\" href=\"https:\/\/www.teslatravel.com\/tr\/geminid-meteor-yagmuru-2025\/#Gokyuzunde_Unutulmaz_Bir_Gece\" >G\u00f6ky\u00fcz\u00fcnde Unutulmaz Bir Gece<\/a><\/li><\/ul><\/li><\/ul><\/nav><\/div>\n\n<hr class=\"wp-block-separator has-alpha-channel-opacity\"\/>\n\n\n\n<h1 class=\"wp-block-heading\"><span class=\"ez-toc-section\" id=\"Geminid_Meteor_Yagmuru_2025_Mugla_Semalarinda_Gokyuzu_Soleni\"><\/span>Geminid Meteor Ya\u011fmuru 2025: Mu\u011fla Semalar\u0131nda G\u00f6ky\u00fcz\u00fc \u015e\u00f6leni<span class=\"ez-toc-section-end\"><\/span><\/h1>\n\n\n\n<h2 class=\"wp-block-heading\"><span class=\"ez-toc-section\" id=\"Giris_Yilin_En_Buyuleyici_Gok_Olayi\"><\/span>Giri\u015f: Y\u0131l\u0131n En B\u00fcy\u00fcleyici G\u00f6k Olay\u0131<span class=\"ez-toc-section-end\"><\/span><\/h2>\n\n\n\n<p>Her y\u0131l Aral\u0131k ay\u0131nda ger\u00e7ekle\u015fen <strong>Geminid meteor ya\u011fmuru<\/strong>, g\u00f6ky\u00fcz\u00fc merakl\u0131lar\u0131n\u0131n sab\u0131rs\u0131zl\u0131kla bekledi\u011fi en etkileyici do\u011fa olaylar\u0131ndan biridir. 2025 y\u0131l\u0131nda da 14 Aral\u0131k gecesi zirve noktas\u0131na ula\u015facak olan bu g\u00f6k \u015f\u00f6leni, T\u00fcrkiye\u2019nin d\u00f6rt bir yan\u0131nda oldu\u011fu gibi <strong>Mu\u011fla semalar\u0131nda da g\u00f6rsel bir \u015f\u00f6len<\/strong> sunacak. \u00c7\u0131plak g\u00f6zle izlenebilen bu do\u011fa olay\u0131, g\u00f6ky\u00fcz\u00fcnde adeta bir y\u0131ld\u0131z ya\u011fmuru etkisi yaratacak.<\/p>\n\n\n<div class=\"wp-block-image\">\n<figure class=\"aligncenter size-full\"><a href=\"https:\/\/www.teslatravel.com\/contact-information\/\"><img loading=\"lazy\" decoding=\"async\" width=\"641\" height=\"564\" src=\"https:\/\/www.teslatravel.com\/tr\/wp-content\/uploads\/2025\/12\/WhatsApp-Image-2025-12-14-at-15.13.10.jpeg\" alt=\"Geminid Meteor Ya\u011fmuru 2025\" class=\"wp-image-7296\" srcset=\"https:\/\/www.teslatravel.com\/tr\/wp-content\/uploads\/2025\/12\/WhatsApp-Image-2025-12-14-at-15.13.10.jpeg 641w, https:\/\/www.teslatravel.com\/tr\/wp-content\/uploads\/2025\/12\/WhatsApp-Image-2025-12-14-at-15.13.10-300x264.jpeg 300w, https:\/\/www.teslatravel.com\/tr\/wp-content\/uploads\/2025\/12\/WhatsApp-Image-2025-12-14-at-15.13.10-477x420.jpeg 477w\" sizes=\"auto, (max-width: 641px) 100vw, 641px\" \/><\/a><figcaption class=\"wp-element-caption\">Geminid Meteor Ya\u011fmuru 2025<\/figcaption><\/figure>\n<\/div>\n\n\n<hr class=\"wp-block-separator has-alpha-channel-opacity\"\/>\n\n\n\n<h2 class=\"wp-block-heading\"><span class=\"ez-toc-section\" id=\"Geminid_Meteor_Yagmuru_Nedir\"><\/span>Geminid Meteor Ya\u011fmuru Nedir?<span class=\"ez-toc-section-end\"><\/span><\/h2>\n\n\n\n<ul class=\"wp-block-list\">\n<li><strong>Kayna\u011f\u0131:<\/strong> Geminid meteor ya\u011fmuru, 3200 Phaethon adl\u0131 asteroitten kopan par\u00e7ac\u0131klar\u0131n D\u00fcnya atmosferine girmesiyle olu\u015fur.<\/li>\n\n\n\n<li><strong>Zirve Tarihi:<\/strong> Her y\u0131l 13-14 Aral\u0131k gecesi en yo\u011fun \u015fekilde g\u00f6zlemlenir.<\/li>\n\n\n\n<li><strong>Yo\u011funluk:<\/strong> Zirve saatlerinde saatte 100\u2019den fazla meteor g\u00f6r\u00fclebilir.<\/li>\n\n\n\n<li><strong>\u00d6zelli\u011fi:<\/strong> Di\u011fer meteor ya\u011fmurlar\u0131na k\u0131yasla daha parlak ve renkli izler b\u0131rak\u0131r.<\/li>\n<\/ul>\n\n\n\n<p>Bu \u00f6zellikleri sayesinde Geminid, astronomi d\u00fcnyas\u0131nda <strong>\u201cy\u0131l\u0131n en g\u00f6rkemli meteor ya\u011fmuru\u201d<\/strong> olarak kabul edilir.<\/p>\n\n\n\n<hr class=\"wp-block-separator has-alpha-channel-opacity\"\/>\n\n\n\n<h2 class=\"wp-block-heading\"><span class=\"ez-toc-section\" id=\"Muglada_Geminid_Meteor_Yagmurunu_Izlemek\"><\/span>Mu\u011fla\u2019da Geminid Meteor Ya\u011fmurunu \u0130zlemek<span class=\"ez-toc-section-end\"><\/span><\/h2>\n\n\n\n<p>Mu\u011fla, do\u011fal g\u00fczellikleri ve d\u00fc\u015f\u00fck \u0131\u015f\u0131k kirlili\u011fine sahip b\u00f6lgeleriyle bu g\u00f6k olay\u0131n\u0131 izlemek i\u00e7in en ideal \u015fehirlerden biridir. \u00d6zellikle:<\/p>\n\n\n\n<ul class=\"wp-block-list\">\n<li><strong>Y\u00fcksek kesimler:<\/strong> Yata\u011fan, K\u00f6yce\u011fiz ve Fethiye\u2019nin da\u011fl\u0131k b\u00f6lgeleri.<\/li>\n\n\n\n<li><strong>Sakin koylar:<\/strong> Dat\u00e7a ve Marmaris \u00e7evresindeki koylar.<\/li>\n\n\n\n<li><strong>K\u0131rsal alanlar:<\/strong> \u015eehir merkezinden uzak k\u00f6yler ve yaylalar.<\/li>\n<\/ul>\n\n\n\n<p>Bu b\u00f6lgeler, g\u00f6ky\u00fcz\u00fcn\u00fc en net \u015fekilde g\u00f6rmenizi sa\u011flar. \u015eehir \u0131\u015f\u0131klar\u0131ndan uzakla\u015f\u0131p karanl\u0131k bir noktaya gitmek, meteor ya\u011fmurunu izlerken en \u00f6nemli kriterdir.<\/p>\n\n\n\n<hr class=\"wp-block-separator has-alpha-channel-opacity\"\/>\n\n\n\n<h2 class=\"wp-block-heading\"><span class=\"ez-toc-section\" id=\"Izleme_Icin_Ipuclari\"><\/span>\u0130zleme \u0130\u00e7in \u0130pu\u00e7lar\u0131<span class=\"ez-toc-section-end\"><\/span><\/h2>\n\n\n\n<ol class=\"wp-block-list\">\n<li><strong>Teleskop veya d\u00fcrb\u00fcn gerekmez.<\/strong> Meteor ya\u011fmuru \u00e7\u0131plak g\u00f6zle en iyi \u015fekilde izlenir.<\/li>\n\n\n\n<li><strong>Karanl\u0131k alan se\u00e7in.<\/strong> I\u015f\u0131k kirlili\u011fi d\u00fc\u015f\u00fck b\u00f6lgeler tercih edin.<\/li>\n\n\n\n<li><strong>Uygun saatleri yakalay\u0131n.<\/strong> Gece yar\u0131s\u0131 ile sabaha kar\u015f\u0131 saatler en yo\u011fun zamanlard\u0131r.<\/li>\n\n\n\n<li><strong>Rahat k\u0131yafetler giyin.<\/strong> Aral\u0131k ay\u0131nda hava so\u011fuk olabilece\u011fi i\u00e7in s\u0131cak tutan giysiler tercih edin.<\/li>\n\n\n\n<li><strong>Sab\u0131rl\u0131 olun.<\/strong> Meteorlar aral\u0131klarla g\u00f6r\u00fclece\u011fi i\u00e7in g\u00f6z\u00fcn\u00fcz\u00fc g\u00f6ky\u00fcz\u00fcnden ay\u0131rmay\u0131n.<\/li>\n<\/ol>\n\n\n\n<hr class=\"wp-block-separator has-alpha-channel-opacity\"\/>\n\n\n\n<hr class=\"wp-block-separator has-alpha-channel-opacity\"\/>\n\n\n<div class=\"wp-block-image\">\n<figure class=\"aligncenter size-large\"><a href=\"https:\/\/www.teslatravel.com\/contact-information\/\"><img loading=\"lazy\" decoding=\"async\" width=\"855\" height=\"1024\" src=\"https:\/\/www.teslatravel.com\/tr\/wp-content\/uploads\/2025\/12\/WhatsApp-Image-2025-12-09-at-21.48.03-855x1024.jpeg\" alt=\"The SAF Bodrum\" class=\"wp-image-7276\"\/><\/a><figcaption class=\"wp-element-caption\">The SAF Bodrum<\/figcaption><\/figure>\n<\/div>\n\n\n<h2 class=\"wp-block-heading\"><span class=\"ez-toc-section\" id=\"Geminid_Meteor_Yagmurunun_Bilimsel_Onemi\"><\/span>Geminid Meteor Ya\u011fmurunun Bilimsel \u00d6nemi<span class=\"ez-toc-section-end\"><\/span><\/h2>\n\n\n\n<p>Meteor ya\u011fmurlar\u0131 yaln\u0131zca g\u00f6rsel bir \u015f\u00f6len de\u011fil, ayn\u0131 zamanda bilimsel a\u00e7\u0131dan da b\u00fcy\u00fck \u00f6nem ta\u015f\u0131r.<\/p>\n\n\n\n<ul class=\"wp-block-list\">\n<li><strong>Atmosfer ara\u015ft\u0131rmalar\u0131:<\/strong> Meteorlar\u0131n yanma s\u00fcreci atmosferin yap\u0131s\u0131 hakk\u0131nda bilgi verir.<\/li>\n\n\n\n<li><strong>Asteroit k\u00f6keni:<\/strong> Geminid\u2019in kayna\u011f\u0131 olan 3200 Phaethon, bilim insanlar\u0131na asteroitlerin yap\u0131s\u0131n\u0131 inceleme f\u0131rsat\u0131 sunar.<\/li>\n\n\n\n<li><strong>Uzay merak\u0131:<\/strong> Bu t\u00fcr olaylar, gen\u00e7lerin astronomiye olan ilgisini art\u0131r\u0131r.<\/li>\n<\/ul>\n\n\n\n<hr class=\"wp-block-separator has-alpha-channel-opacity\"\/>\n\n\n\n<h2 class=\"wp-block-heading\"><span class=\"ez-toc-section\" id=\"Muglada_Gokyuzu_Turizmi\"><\/span>Mu\u011fla\u2019da G\u00f6ky\u00fcz\u00fc Turizmi<span class=\"ez-toc-section-end\"><\/span><\/h2>\n\n\n\n<p>Son y\u0131llarda Mu\u011fla, yaln\u0131zca deniz ve do\u011fa turizmiyle de\u011fil, ayn\u0131 zamanda <strong>astro-turizm<\/strong> ile de \u00f6ne \u00e7\u0131kmaya ba\u015flad\u0131.<\/p>\n\n\n\n<ul class=\"wp-block-list\">\n<li><strong>Yayla kamplar\u0131:<\/strong> G\u00f6ky\u00fcz\u00fc g\u00f6zlemi i\u00e7in d\u00fczenlenen kamp etkinlikleri.<\/li>\n\n\n\n<li><strong>Astronomi kul\u00fcpleri:<\/strong> \u00dcniversiteler ve yerel dernekler taraf\u0131ndan organize edilen g\u00f6zlem geceleri.<\/li>\n\n\n\n<li><strong>Foto\u011fraf\u00e7\u0131l\u0131k:<\/strong> Meteor ya\u011fmurlar\u0131, uzun pozlama foto\u011fraf\u00e7\u0131l\u0131\u011f\u0131 i\u00e7in e\u015fsiz f\u0131rsatlar sunar.<\/li>\n<\/ul>\n\n\n\n<p>Bu y\u00f6n\u00fcyle Geminid meteor ya\u011fmuru, Mu\u011fla\u2019n\u0131n turizm \u00e7e\u015fitlili\u011fine katk\u0131 sa\u011flayan \u00f6nemli bir etkinliktir.<\/p>\n\n\n\n<hr class=\"wp-block-separator has-alpha-channel-opacity\"\/>\n\n\n<div class=\"wp-block-image\">\n<figure class=\"aligncenter size-large\"><a href=\"https:\/\/share.google\/Kqd4cne1QyVG9TxIR\" target=\"_blank\" rel=\"noopener\"><img loading=\"lazy\" decoding=\"async\" width=\"838\" height=\"1024\" src=\"https:\/\/www.teslatravel.com\/tr\/wp-content\/uploads\/2025\/12\/WhatsApp-Image-2025-12-14-at-15.13.11-838x1024.jpeg\" alt=\"Geminid Meteor Ya\u011fmuru 2025\" class=\"wp-image-7298\"\/><\/a><figcaption class=\"wp-element-caption\">Geminid Meteor Ya\u011fmuru 2025<\/figcaption><\/figure>\n<\/div>\n\n\n<h2 class=\"wp-block-heading\"><span class=\"ez-toc-section\" id=\"Gokyuzunde_Unutulmaz_Bir_Gece\"><\/span>G\u00f6ky\u00fcz\u00fcnde Unutulmaz Bir Gece<span class=\"ez-toc-section-end\"><\/span><\/h2>\n\n\n\n<p>14 Aral\u0131k gecesi ger\u00e7ekle\u015fecek <strong>Geminid meteor ya\u011fmuru<\/strong>, Mu\u011fla semalar\u0131nda unutulmaz bir g\u00f6rsel \u015f\u00f6len sunacak. \u015eehir \u0131\u015f\u0131klar\u0131ndan uzakla\u015f\u0131p karanl\u0131k bir noktada g\u00f6ky\u00fcz\u00fcne bakmak, bu e\u015fsiz do\u011fa olay\u0131n\u0131 en iyi \u015fekilde izlemenizi sa\u011flayacak.<\/p>\n\n\n\n<p>Astronomi merakl\u0131lar\u0131 i\u00e7in bu gece, yaln\u0131zca bir g\u00f6ky\u00fcz\u00fc olay\u0131 de\u011fil; ayn\u0131 zamanda <strong>evrenin b\u00fcy\u00fcs\u00fcn\u00fc hissetme f\u0131rsat\u0131<\/strong> olacak. E\u011fer Mu\u011fla\u2019da ya\u015f\u0131yorsan\u0131z veya bu tarihte orada bulunuyorsan\u0131z, g\u00f6ky\u00fcz\u00fcne bakmay\u0131 unutmay\u0131n. \u00c7\u00fcnk\u00fc y\u0131ld\u0131zlar\u0131n dans\u0131, yaln\u0131zca birka\u00e7 saat s\u00fcrecek ve bir y\u0131l boyunca tekrar\u0131n\u0131 beklemek gerekecek.<\/p>\n\n\n\n<hr class=\"wp-block-separator has-alpha-channel-opacity\"\/>\n\n\n\n<p><\/p>\n\n\n\n<hr class=\"wp-block-separator has-alpha-channel-opacity\"\/>\n\n\n\n<p><\/p>\n","protected":false},"excerpt":{"rendered":"<p>Geminid Meteor Ya\u011fmuru 2025: Mu\u011fla Semalar\u0131nda G\u00f6ky\u00fcz\u00fc \u015e\u00f6leni Giri\u015f: Y\u0131l\u0131n En B\u00fcy\u00fcleyici G\u00f6k Olay\u0131 Her y\u0131l Aral\u0131k ay\u0131nda ger\u00e7ekle\u015fen Geminid meteor ya\u011fmuru, g\u00f6ky\u00fcz\u00fc merakl\u0131lar\u0131n\u0131n sab\u0131rs\u0131zl\u0131kla bekledi\u011fi en etkileyici do\u011fa olaylar\u0131ndan biridir. 2025 y\u0131l\u0131nda da 14 Aral\u0131k gecesi zirve noktas\u0131na ula\u015facak olan bu g\u00f6k \u015f\u00f6leni, T\u00fcrkiye\u2019nin d\u00f6rt bir yan\u0131nda oldu\u011fu gibi Mu\u011fla semalar\u0131nda da g\u00f6rsel bir [&hellip;]<\/p>\n","protected":false},"author":1,"featured_media":7296,"comment_status":"closed","ping_status":"open","sticky":false,"template":"","format":"standard","meta":{"tdm_status":"","tdm_grid_status":"","footnotes":""},"categories":[75],"tags":[],"class_list":{"0":"post-7294","1":"post","2":"type-post","3":"status-publish","4":"format-standard","5":"has-post-thumbnail","7":"category-blog"},"_links":{"self":[{"href":"https:\/\/www.teslatravel.com\/tr\/wp-json\/wp\/v2\/posts\/7294","targetHints":{"allow":["GET"]}}],"collection":[{"href":"https:\/\/www.teslatravel.com\/tr\/wp-json\/wp\/v2\/posts"}],"about":[{"href":"https:\/\/www.teslatravel.com\/tr\/wp-json\/wp\/v2\/types\/post"}],"author":[{"embeddable":true,"href":"https:\/\/www.teslatravel.com\/tr\/wp-json\/wp\/v2\/users\/1"}],"replies":[{"embeddable":true,"href":"https:\/\/www.teslatravel.com\/tr\/wp-json\/wp\/v2\/comments?post=7294"}],"version-history":[{"count":3,"href":"https:\/\/www.teslatravel.com\/tr\/wp-json\/wp\/v2\/posts\/7294\/revisions"}],"predecessor-version":[{"id":7301,"href":"https:\/\/www.teslatravel.com\/tr\/wp-json\/wp\/v2\/posts\/7294\/revisions\/7301"}],"wp:featuredmedia":[{"embeddable":true,"href":"https:\/\/www.teslatravel.com\/tr\/wp-json\/wp\/v2\/media\/7296"}],"wp:attachment":[{"href":"https:\/\/www.teslatravel.com\/tr\/wp-json\/wp\/v2\/media?parent=7294"}],"wp:term":[{"taxonomy":"category","embeddable":true,"href":"https:\/\/www.teslatravel.com\/tr\/wp-json\/wp\/v2\/categories?post=7294"},{"taxonomy":"post_tag","embeddable":true,"href":"https:\/\/www.teslatravel.com\/tr\/wp-json\/wp\/v2\/tags?post=7294"}],"curies":[{"name":"wp","href":"https:\/\/api.w.org\/{rel}","templated":true}]}}