{"id":7648,"date":"2026-01-26T06:01:19","date_gmt":"2026-01-26T06:01:19","guid":{"rendered":"https:\/\/www.teslatravel.com\/tr\/?p=7648"},"modified":"2026-01-26T06:04:14","modified_gmt":"2026-01-26T06:04:14","slug":"katardan-bodruma-2026","status":"publish","type":"post","link":"https:\/\/www.teslatravel.com\/tr\/katardan-bodruma-2026\/","title":{"rendered":"Katar\u2019dan Bodrum\u2019a 2026"},"content":{"rendered":"<div id=\"ez-toc-container\" class=\"ez-toc-v2_0_82_2 ez-toc-wrap-center counter-hierarchy ez-toc-counter ez-toc-light-blue ez-toc-container-direction\">\n<div class=\"ez-toc-title-container\">\n<p class=\"ez-toc-title\" style=\"cursor:inherit\">Tesla Travel Turkey<\/p>\n<span class=\"ez-toc-title-toggle\"><a href=\"#\" class=\"ez-toc-pull-right ez-toc-btn ez-toc-btn-xs ez-toc-btn-default ez-toc-toggle\" aria-label=\"\u0130\u00e7indekiler Tablosunu A\u00e7\/Kapat\"><span class=\"ez-toc-js-icon-con\"><span class=\"\"><span class=\"eztoc-hide\" style=\"display:none;\">Toggle<\/span><span class=\"ez-toc-icon-toggle-span\"><svg style=\"fill: #999;color:#999\" xmlns=\"http:\/\/www.w3.org\/2000\/svg\" class=\"list-377408\" width=\"20px\" height=\"20px\" viewBox=\"0 0 24 24\" fill=\"none\"><path d=\"M6 6H4v2h2V6zm14 0H8v2h12V6zM4 11h2v2H4v-2zm16 0H8v2h12v-2zM4 16h2v2H4v-2zm16 0H8v2h12v-2z\" fill=\"currentColor\"><\/path><\/svg><svg style=\"fill: #999;color:#999\" class=\"arrow-unsorted-368013\" xmlns=\"http:\/\/www.w3.org\/2000\/svg\" width=\"10px\" height=\"10px\" viewBox=\"0 0 24 24\" version=\"1.2\" baseProfile=\"tiny\"><path d=\"M18.2 9.3l-6.2-6.3-6.2 6.3c-.2.2-.3.4-.3.7s.1.5.3.7c.2.2.4.3.7.3h11c.3 0 .5-.1.7-.3.2-.2.3-.5.3-.7s-.1-.5-.3-.7zM5.8 14.7l6.2 6.3 6.2-6.3c.2-.2.3-.5.3-.7s-.1-.5-.3-.7c-.2-.2-.4-.3-.7-.3h-11c-.3 0-.5.1-.7.3-.2.2-.3.5-.3.7s.1.5.3.7z\"\/><\/svg><\/span><\/span><\/span><\/a><\/span><\/div>\n<nav><ul class='ez-toc-list ez-toc-list-level-1 eztoc-toggle-hide-by-default' ><li class='ez-toc-page-1 ez-toc-heading-level-2'><a class=\"ez-toc-link ez-toc-heading-1\" href=\"https:\/\/www.teslatravel.com\/tr\/katardan-bodruma-2026\/#Katardan_Bodruma_2026_Turkiye_Yunan_Adalari_ve_Avrupaya_Acilan_Yeni_Tatil_Rotaniz\" >Katar\u2019dan Bodrum\u2019a 2026: T\u00fcrkiye, Yunan Adalar\u0131 ve Avrupa\u2019ya A\u00e7\u0131lan Yeni Tatil Rotan\u0131z<\/a><\/li><li class='ez-toc-page-1 ez-toc-heading-level-2'><a class=\"ez-toc-link ez-toc-heading-2\" href=\"https:\/\/www.teslatravel.com\/tr\/katardan-bodruma-2026\/#Bodrum_Neden_Katardan_Gelenler_Icin_Mukemmel_Bir_Kapi\" >Bodrum Neden Katar\u2019dan Gelenler \u0130\u00e7in M\u00fckemmel Bir Kap\u0131?<\/a><\/li><li class='ez-toc-page-1 ez-toc-heading-level-2'><a class=\"ez-toc-link ez-toc-heading-3\" href=\"https:\/\/www.teslatravel.com\/tr\/katardan-bodruma-2026\/#2026nin_Yeni_Tatil_Haritasi_Katar_%E2%86%92_Bodrum_%E2%86%92_Avrupa\" >2026\u2019n\u0131n Yeni Tatil Haritas\u0131: Katar \u2192 Bodrum \u2192 Avrupa<\/a><\/li><li class='ez-toc-page-1 ez-toc-heading-level-2'><a class=\"ez-toc-link ez-toc-heading-4\" href=\"https:\/\/www.teslatravel.com\/tr\/katardan-bodruma-2026\/#Katardan_Gelenler_Icin_Tasarlanmis_Tatil_Stilleri\" >Katar\u2019dan Gelenler \u0130\u00e7in Tasarlanm\u0131\u015f Tatil Stilleri<\/a><ul class='ez-toc-list-level-3' ><li class='ez-toc-heading-level-3'><a class=\"ez-toc-link ez-toc-heading-5\" href=\"https:\/\/www.teslatravel.com\/tr\/katardan-bodruma-2026\/#1_Luks_Resort_Tatili\" >1. L\u00fcks Resort Tatili<\/a><\/li><li class='ez-toc-page-1 ez-toc-heading-level-3'><a class=\"ez-toc-link ez-toc-heading-6\" href=\"https:\/\/www.teslatravel.com\/tr\/katardan-bodruma-2026\/#2_Villa_Ozel_Havuz_Yasami\" >2. Villa &amp; \u00d6zel Havuz Ya\u015fam\u0131<\/a><\/li><li class='ez-toc-page-1 ez-toc-heading-level-3'><a class=\"ez-toc-link ez-toc-heading-7\" href=\"https:\/\/www.teslatravel.com\/tr\/katardan-bodruma-2026\/#3_Yat_Mavi_Yolculuk_Tatilleri\" >3. Yat &amp; Mavi Yolculuk Tatilleri<\/a><\/li><\/ul><\/li><li class='ez-toc-page-1 ez-toc-heading-level-2'><a class=\"ez-toc-link ez-toc-heading-8\" href=\"https:\/\/www.teslatravel.com\/tr\/katardan-bodruma-2026\/#Bodrumdan_Yunan_Adalarina_Tek_Tatilde_Iki_Ulke\" >Bodrum\u2019dan Yunan Adalar\u0131na: Tek Tatilde \u0130ki \u00dclke<\/a><\/li><li class='ez-toc-page-1 ez-toc-heading-level-2'><a class=\"ez-toc-link ez-toc-heading-9\" href=\"https:\/\/www.teslatravel.com\/tr\/katardan-bodruma-2026\/#Mykonos_Santorini_Bodrumdan_VIP_Erisim\" >Mykonos &amp; Santorini: Bodrum\u2019dan VIP Eri\u015fim<\/a><\/li><li class='ez-toc-page-1 ez-toc-heading-level-2'><a class=\"ez-toc-link ez-toc-heading-10\" href=\"https:\/\/www.teslatravel.com\/tr\/katardan-bodruma-2026\/#Bodrumdan_Sonra_Italya_Avrupa\" >Bodrum\u2019dan Sonra \u0130talya &amp; Avrupa<\/a><\/li><li class='ez-toc-page-1 ez-toc-heading-level-2'><a class=\"ez-toc-link ez-toc-heading-11\" href=\"https:\/\/www.teslatravel.com\/tr\/katardan-bodruma-2026\/#Neden_Tesla_Travel_ile_Planlamalisiniz\" >Neden Tesla Travel ile Planlamal\u0131s\u0131n\u0131z?<\/a><\/li><\/ul><\/nav><\/div>\n\n<h2 class=\"wp-block-heading\"><span class=\"ez-toc-section\" id=\"Katardan_Bodruma_2026_Turkiye_Yunan_Adalari_ve_Avrupaya_Acilan_Yeni_Tatil_Rotaniz\"><\/span>Katar\u2019dan Bodrum\u2019a 2026: T\u00fcrkiye, Yunan Adalar\u0131 ve Avrupa\u2019ya A\u00e7\u0131lan Yeni Tatil Rotan\u0131z<span class=\"ez-toc-section-end\"><\/span><\/h2>\n\n\n\n<p>2026 y\u0131l\u0131, K\u00f6rfez \u00fclkelerinden gelen gezginler i\u00e7in yepyeni bir d\u00f6nemin ba\u015flang\u0131c\u0131 olacak. A\u00e7\u0131klanan yeni u\u00e7u\u015f rotalar\u0131yla birlikte Bodrum, Katar, Kuveyt ve Orta Do\u011fu\u2019dan gelen misafirler i\u00e7in premium bir giri\u015f kap\u0131s\u0131na d\u00f6n\u00fc\u015f\u00fcyor.<\/p>\n\n\n\n<p>Resm\u00ee a\u00e7\u0131klamalara g\u00f6re <strong>17 Haziran 2026<\/strong> itibar\u0131yla Bodrum, geni\u015fletilen uluslararas\u0131 u\u00e7u\u015f a\u011f\u0131 kapsam\u0131nda do\u011frudan ba\u011flant\u0131lara kavu\u015fuyor. Bu geli\u015fme Bodrum\u2019u \u015fu deneyimler i\u00e7in stratejik bir merkez haline getiriyor:<\/p>\n\n\n\n<ul class=\"wp-block-list\">\n<li>T\u00fcrkiye\u2019de l\u00fcks plaj tatilleri<\/li>\n\n\n\n<li>Yunan adalar\u0131na ada turlar\u0131<\/li>\n\n\n\n<li>Mykonos, Santorini ve Paros\u2019a VIP eri\u015fim<\/li>\n\n\n\n<li>Akdeniz\u2019de yat tatilleri<\/li>\n\n\n\n<li>\u0130talya, \u0130spanya ve Avrupa\u2019ya sorunsuz ge\u00e7i\u015f<\/li>\n\n\n\n<li>K\u0131sa ka\u00e7amaklar veya uzun yaz tatilleri<\/li>\n\n\n\n<li>Tek ba\u015f\u0131na, \u00e7ift olarak veya ailece seyahat<\/li>\n<\/ul>\n\n\n<div class=\"wp-block-image\">\n<figure class=\"aligncenter size-large\"><a href=\"https:\/\/www.teslatravel.com\/contact-information\/\"><img loading=\"lazy\" decoding=\"async\" width=\"1024\" height=\"677\" src=\"https:\/\/www.teslatravel.com\/tr\/wp-content\/uploads\/2026\/01\/WhatsApp-Image-2026-01-24-at-22.20.12-1024x677.jpeg\" alt=\"Katar\u2019dan Bodrum\u2019a 2026\" class=\"wp-image-7651\"\/><\/a><figcaption class=\"wp-element-caption\">Katar\u2019dan Bodrum\u2019a 2026<\/figcaption><\/figure>\n<\/div>\n\n\n<p>Katar\u2019dan yola \u00e7\u0131kan gezginler i\u00e7in bu \u015fu anlama geliyor:<br>Bodrum\u2019a inerek tek bir merkezden \u00e7ok \u00fclkeli, \u00e7ok deneyimli bir Akdeniz tatili tasarlayabilirsiniz.<\/p>\n\n\n\n<hr class=\"wp-block-separator has-alpha-channel-opacity\"\/>\n\n\n\n<h2 class=\"wp-block-heading\"><span class=\"ez-toc-section\" id=\"Bodrum_Neden_Katardan_Gelenler_Icin_Mukemmel_Bir_Kapi\"><\/span>Bodrum Neden Katar\u2019dan Gelenler \u0130\u00e7in M\u00fckemmel Bir Kap\u0131?<span class=\"ez-toc-section-end\"><\/span><\/h2>\n\n\n\n<p>Bodrum yaln\u0131zca bir sahil kasabas\u0131 de\u011fildir. Buras\u0131 bir <strong>Akdeniz ya\u015fam merkezi<\/strong>dir.<\/p>\n\n\n\n<p>Tek bir destinasyondan \u015funlar\u0131 yapabilirsiniz:<\/p>\n\n\n\n<ul class=\"wp-block-list\">\n<li>D\u00fcnya standartlar\u0131nda resort ve butik otellerde konaklamak<\/li>\n\n\n\n<li>T\u00fcrkiye\u2019nin e\u015fsiz koylar\u0131n\u0131 ve plajlar\u0131n\u0131 ke\u015ffetmek<\/li>\n\n\n\n<li>Motor yat veya guletle denize a\u00e7\u0131lmak<\/li>\n\n\n\n<li>Yunan adalar\u0131na feribot veya tekneyle ge\u00e7mek<\/li>\n\n\n\n<li>Mykonos, Santorini ve Paros\u2019a ula\u015fmak<\/li>\n\n\n\n<li>\u0130talya, Fransa veya \u0130spanya\u2019ya devam etmek<\/li>\n\n\n\n<li>Dinlenmeyi k\u00fclt\u00fcr, al\u0131\u015fveri\u015f ve gastronomiyle birle\u015ftirmek<\/li>\n<\/ul>\n\n\n\n<p>Konfor, h\u0131z, gizlilik ve esneklik arayan Katar\u2019l\u0131 misafirler i\u00e7in Bodrum e\u015fsizdir.<br>Orta Do\u011fu, T\u00fcrkiye, Yunanistan ve Avrupa aras\u0131nda bir k\u00f6pr\u00fc gibidir.<\/p>\n\n\n\n<hr class=\"wp-block-separator has-alpha-channel-opacity\"\/>\n\n\n\n<h2 class=\"wp-block-heading\"><span class=\"ez-toc-section\" id=\"2026nin_Yeni_Tatil_Haritasi_Katar_%E2%86%92_Bodrum_%E2%86%92_Avrupa\"><\/span>2026\u2019n\u0131n Yeni Tatil Haritas\u0131: Katar \u2192 Bodrum \u2192 Avrupa<span class=\"ez-toc-section-end\"><\/span><\/h2>\n\n\n\n<p>Haziran 2026 itibar\u0131yla Bodrum\u2019a do\u011frudan eri\u015fimle tatil rotan\u0131z \u015f\u00f6yle \u015fekillenebilir:<\/p>\n\n\n\n<ol class=\"wp-block-list\">\n<li>Katar\u2019dan \u00e7\u0131k\u0131\u015f<\/li>\n\n\n\n<li>Bodrum\u2019a var\u0131\u015f<\/li>\n\n\n\n<li>Tatil tarz\u0131n\u0131z\u0131 se\u00e7in:\n<ul class=\"wp-block-list\">\n<li>Plaj ve resort tatili<\/li>\n\n\n\n<li>Deniz manzaral\u0131 \u00f6zel villa<\/li>\n\n\n\n<li>Yat tatili<\/li>\n\n\n\n<li>Ada turlar\u0131<\/li>\n\n\n\n<li>Avrupa gezisi<\/li>\n<\/ul>\n<\/li>\n<\/ol>\n\n\n\n<p>Bodrum\u2019dan sonra \u015fu se\u00e7enekleriniz var:<\/p>\n\n\n\n<ul class=\"wp-block-list\">\n<li>Kos, Rodos, Leros, Symi\u2019ye feribot<\/li>\n\n\n\n<li>Yunan adalar\u0131na h\u0131zl\u0131 tekne<\/li>\n\n\n\n<li>Mykonos veya Santorini\u2019ye helikopter<\/li>\n\n\n\n<li>\u0130talya veya Fransa\u2019ya \u00f6zel jet<\/li>\n\n\n\n<li>T\u00fcrkiye i\u00e7inde VIP kara transferi<\/li>\n<\/ul>\n\n\n\n<p>Bodrum b\u00f6ylece yaln\u0131zca bir destinasyon de\u011fil, bir <strong>tatil komuta merkezi<\/strong> haline geliyor.<\/p>\n\n\n\n<hr class=\"wp-block-separator has-alpha-channel-opacity\"\/>\n\n\n<div class=\"wp-block-image\">\n<figure class=\"aligncenter size-full\"><a href=\"https:\/\/www.teslatravel.com\/contact-information\/\"><img loading=\"lazy\" decoding=\"async\" width=\"500\" height=\"400\" src=\"https:\/\/www.teslatravel.com\/tr\/wp-content\/uploads\/2026\/01\/caption-1.jpg\" alt=\"Bodrum\u2019dan Kos Adas\u0131na\" class=\"wp-image-7544\" srcset=\"https:\/\/www.teslatravel.com\/tr\/wp-content\/uploads\/2026\/01\/caption-1.jpg 500w, https:\/\/www.teslatravel.com\/tr\/wp-content\/uploads\/2026\/01\/caption-1-300x240.jpg 300w\" sizes=\"auto, (max-width: 500px) 100vw, 500px\" \/><\/a><figcaption class=\"wp-element-caption\">Bodrum\u2019dan Kos Adas\u0131na <\/figcaption><\/figure>\n<\/div>\n\n\n<h2 class=\"wp-block-heading\"><span class=\"ez-toc-section\" id=\"Katardan_Gelenler_Icin_Tasarlanmis_Tatil_Stilleri\"><\/span>Katar\u2019dan Gelenler \u0130\u00e7in Tasarlanm\u0131\u015f Tatil Stilleri<span class=\"ez-toc-section-end\"><\/span><\/h2>\n\n\n\n<p>Herkesin hayalindeki tatil farkl\u0131d\u0131r. Bodrum her stile uyum sa\u011flar.<\/p>\n\n\n\n<h3 class=\"wp-block-heading\"><span class=\"ez-toc-section\" id=\"1_Luks_Resort_Tatili\"><\/span>1. L\u00fcks Resort Tatili<span class=\"ez-toc-section-end\"><\/span><\/h3>\n\n\n\n<p>Bodrum, Akdeniz\u2019in en prestijli otellerine ev sahipli\u011fi yapar:<\/p>\n\n\n\n<ul class=\"wp-block-list\">\n<li>\u00d6zel plajl\u0131 resortlar<\/li>\n\n\n\n<li>Her \u015fey dahil l\u00fcks oteller<\/li>\n\n\n\n<li>Spa &amp; wellness merkezleri<\/li>\n\n\n\n<li>Aile dostu tatil k\u00f6yleri<\/li>\n\n\n\n<li>Yeti\u015fkinlere \u00f6zel butik oteller<\/li>\n<\/ul>\n\n\n\n<p>\u015eunlar i\u00e7in idealdir:<\/p>\n\n\n\n<ul class=\"wp-block-list\">\n<li>Aileler<\/li>\n\n\n\n<li>\u00c7iftler<\/li>\n\n\n\n<li>Balay\u0131 misafirleri<\/li>\n\n\n\n<li>Uzun yaz tatilleri<\/li>\n<\/ul>\n\n\n\n<h3 class=\"wp-block-heading\"><span class=\"ez-toc-section\" id=\"2_Villa_Ozel_Havuz_Yasami\"><\/span>2. Villa &amp; \u00d6zel Havuz Ya\u015fam\u0131<span class=\"ez-toc-section-end\"><\/span><\/h3>\n\n\n\n<p>Mahremiyet arayan misafirler i\u00e7in:<\/p>\n\n\n\n<ul class=\"wp-block-list\">\n<li>Deniz manzaral\u0131 villalar<\/li>\n\n\n\n<li>Sonsuzluk havuzlu evler<\/li>\n\n\n\n<li>G\u00fcvenlikli l\u00fcks siteler<\/li>\n\n\n\n<li>G\u00fcnl\u00fck temizlik ve \u00f6zel \u015fef hizmeti<\/li>\n<\/ul>\n\n\n\n<p>\u015eunlar i\u00e7in idealdir:<\/p>\n\n\n\n<ul class=\"wp-block-list\">\n<li>Geni\u015f aileler<\/li>\n\n\n\n<li>Grup seyahatleri<\/li>\n\n\n\n<li>Uzun s\u00fcreli konaklamalar<\/li>\n\n\n\n<li>VIP misafirler<\/li>\n<\/ul>\n\n\n\n<h3 class=\"wp-block-heading\"><span class=\"ez-toc-section\" id=\"3_Yat_Mavi_Yolculuk_Tatilleri\"><\/span>3. Yat &amp; Mavi Yolculuk Tatilleri<span class=\"ez-toc-section-end\"><\/span><\/h3>\n\n\n\n<p>Bodrum Marina\u2019dan:<\/p>\n\n\n\n<ul class=\"wp-block-list\">\n<li>G\u00fcnl\u00fck motor yat kiralama<\/li>\n\n\n\n<li>Haftal\u0131k \u00f6zel yat charter<\/li>\n\n\n\n<li>G\u00fcn bat\u0131m\u0131 turlar\u0131<\/li>\n\n\n\n<li>Denize sadece tekneyle ula\u015f\u0131labilen koylar<\/li>\n<\/ul>\n\n\n\n<p>Rotalar:<\/p>\n\n\n\n<ul class=\"wp-block-list\">\n<li>G\u00f6kova K\u00f6rfezi<\/li>\n\n\n\n<li>Dat\u00e7a Yar\u0131madas\u0131<\/li>\n\n\n\n<li>Yunan adalar\u0131<\/li>\n\n\n\n<li>Gizli koylar<\/li>\n<\/ul>\n\n\n\n<p>Bu deneyim Akdeniz l\u00fcks\u00fcn\u00fcn tan\u0131m\u0131d\u0131r.<\/p>\n\n\n\n<hr class=\"wp-block-separator has-alpha-channel-opacity\"\/>\n\n\n\n<h2 class=\"wp-block-heading\"><span class=\"ez-toc-section\" id=\"Bodrumdan_Yunan_Adalarina_Tek_Tatilde_Iki_Ulke\"><\/span>Bodrum\u2019dan Yunan Adalar\u0131na: Tek Tatilde \u0130ki \u00dclke<span class=\"ez-toc-section-end\"><\/span><\/h2>\n\n\n\n<p>Bodrum, Yunanistan\u2019a yaln\u0131zca dakikalar uzakl\u0131ktad\u0131r.<\/p>\n\n\n\n<p>Pop\u00fcler rotalar:<\/p>\n\n\n\n<ul class=\"wp-block-list\">\n<li>Bodrum \u2192 Kos (20\u201325 dakika)<\/li>\n\n\n\n<li>Bodrum \u2192 Rodos<\/li>\n\n\n\n<li>Bodrum \u2192 Leros<\/li>\n\n\n\n<li>Bodrum \u2192 Symi<\/li>\n<\/ul>\n\n\n\n<p>Bu adalardan devam edebilirsiniz:<\/p>\n\n\n\n<ul class=\"wp-block-list\">\n<li>Mykonos<\/li>\n\n\n\n<li>Santorini<\/li>\n\n\n\n<li>Paros<\/li>\n\n\n\n<li>Atina<\/li>\n<\/ul>\n\n\n\n<p>Ayn\u0131 tatilde <strong>T\u00fcrkiye ve Yunanistan\u2019\u0131<\/strong> ke\u015ffedebilirsiniz; uzun u\u00e7u\u015flara gerek kalmaz.<\/p>\n\n\n\n<hr class=\"wp-block-separator has-alpha-channel-opacity\"\/>\n\n\n\n<h2 class=\"wp-block-heading\"><span class=\"ez-toc-section\" id=\"Mykonos_Santorini_Bodrumdan_VIP_Erisim\"><\/span>Mykonos &amp; Santorini: Bodrum\u2019dan VIP Eri\u015fim<span class=\"ez-toc-section-end\"><\/span><\/h2>\n\n\n\n<p>Katar\u2019dan gelen gezginler i\u00e7in Mykonos ve Santorini, Avrupa\u2019n\u0131n en arzulanan destinasyonlar\u0131d\u0131r.<\/p>\n\n\n\n<p>Bodrum\u2019dan \u015fu yollarla ula\u015fabilirsiniz:<\/p>\n\n\n\n<ul class=\"wp-block-list\">\n<li>Helikopter transferi<\/li>\n\n\n\n<li>H\u0131zl\u0131 tekne<\/li>\n\n\n\n<li>Charter u\u00e7u\u015f<\/li>\n\n\n\n<li>\u00d6zel jet<\/li>\n<\/ul>\n\n\n\n<p>Tesla Travel bu rotalar\u0131 \u015fu \u015fekilde tasarlar:<\/p>\n\n\n\n<ul class=\"wp-block-list\">\n<li>Kap\u0131dan kap\u0131ya planlama<\/li>\n\n\n\n<li>VIP transferler<\/li>\n\n\n\n<li>Bagaj organizasyonu<\/li>\n\n\n\n<li>Otel rezervasyonlar\u0131<\/li>\n\n\n\n<li>Yat koordinasyonu<\/li>\n<\/ul>\n\n\n\n<p>B\u00f6ylece \u015funlar\u0131n tad\u0131n\u0131 \u00e7\u0131kar\u0131rs\u0131n\u0131z:<\/p>\n\n\n\n<ul class=\"wp-block-list\">\n<li>Mykonos beach club\u2019lar\u0131<\/li>\n\n\n\n<li>Santorini g\u00fcn bat\u0131mlar\u0131<\/li>\n\n\n\n<li>L\u00fcks ada otelleri<\/li>\n\n\n\n<li>Gurme restoranlar<\/li>\n<\/ul>\n\n\n\n<p>Hepsi tek ve kusursuz bir Akdeniz yolculu\u011funda birle\u015fir.<\/p>\n\n\n\n<hr class=\"wp-block-separator has-alpha-channel-opacity\"\/>\n\n\n\n<h2 class=\"wp-block-heading\"><span class=\"ez-toc-section\" id=\"Bodrumdan_Sonra_Italya_Avrupa\"><\/span>Bodrum\u2019dan Sonra \u0130talya &amp; Avrupa<span class=\"ez-toc-section-end\"><\/span><\/h2>\n\n\n\n<p>Bodrum ayn\u0131 zamanda Avrupa seyahatleri i\u00e7in ideal bir ba\u015flang\u0131\u00e7 noktas\u0131d\u0131r.<\/p>\n\n\n\n<p>T\u00fcrkiye\u2019den kolayca ge\u00e7i\u015f yapabilirsiniz:<\/p>\n\n\n\n<ul class=\"wp-block-list\">\n<li>\u0130talya (Roma, Milano, Napoli, Amalfi)<\/li>\n\n\n\n<li>Fransa (Nice, Cannes, Monaco)<\/li>\n\n\n\n<li>\u0130spanya (Barcelona, Malaga)<\/li>\n\n\n\n<li>\u0130svi\u00e7re<\/li>\n\n\n\n<li>Avusturya<\/li>\n\n\n\n<li>Almanya<\/li>\n<\/ul>\n\n\n\n<p>Bu sayede Bodrum:<\/p>\n\n\n\n<ul class=\"wp-block-list\">\n<li>Uzun yaz tatilleri<\/li>\n\n\n\n<li>\u00c7ok \u00fclkeli turlar<\/li>\n\n\n\n<li>Ailece seyahat planlar\u0131<\/li>\n\n\n\n<li>\u0130\u015f + tatil kombinasyonlar\u0131<\/li>\n<\/ul>\n\n\n\n<p>i\u00e7in m\u00fckemmel bir merkez olur.<\/p>\n\n\n\n<hr class=\"wp-block-separator has-alpha-channel-opacity\"\/>\n\n\n<div class=\"wp-block-image\">\n<figure class=\"aligncenter size-full\"><a href=\"https:\/\/share.google\/uYhynPlDoaLGy6aTn\" target=\"_blank\" rel=\"noopener\"><img loading=\"lazy\" decoding=\"async\" width=\"600\" height=\"600\" src=\"https:\/\/www.teslatravel.com\/tr\/wp-content\/uploads\/2025\/08\/ChatGPT-Image-18-Nis-2025-18_39_02-e1754033695367.png\" alt=\"Tesla Travel\" class=\"wp-image-5875\"\/><\/a><figcaption class=\"wp-element-caption\">Tesla Travel<\/figcaption><\/figure>\n<\/div>\n\n\n<h2 class=\"wp-block-heading\"><span class=\"ez-toc-section\" id=\"Neden_Tesla_Travel_ile_Planlamalisiniz\"><\/span>Neden Tesla Travel ile Planlamal\u0131s\u0131n\u0131z?<span class=\"ez-toc-section-end\"><\/span><\/h2>\n\n\n\n<p>Tesla Travel sadece bir seyahat acentesi de\u011fildir.<br>O, bir <strong>Akdeniz tatil mimar\u0131d\u0131r<\/strong>.<\/p>\n\n\n\n<p>Bodrum merkezli ofisi ve uluslararas\u0131 partnerleriyle Tesla Travel \u015funlar\u0131 sunar:<\/p>\n\n\n\n<ul class=\"wp-block-list\">\n<li>Otel rezervasyonlar\u0131<\/li>\n\n\n\n<li>Villa kiralama<\/li>\n\n\n\n<li>Yat charter<\/li>\n\n\n\n<li>Yunan adalar\u0131 feribot biletleri<\/li>\n\n\n\n<li>Helikopter transferleri<\/li>\n\n\n\n<li>VIP havaalan\u0131 hizmetleri<\/li>\n\n\n\n<li>\u00d6zel \u015fof\u00f6rl\u00fc turlar<\/li>\n\n\n\n<li>\u00c7ok \u00fclkeli rota tasar\u0131m\u0131<\/li>\n\n\n\n<li>Aile ve grup planlamas\u0131<\/li>\n\n\n\n<li>L\u00fcks ve ekonomik se\u00e7enekler<\/li>\n<\/ul>\n\n\n\n<p>Katar\u2019dan gelen misafirler i\u00e7in Tesla Travel:<\/p>\n\n\n\n<ul class=\"wp-block-list\">\n<li>\u0130ngilizce destek<\/li>\n\n\n\n<li>WhatsApp \u00fczerinden ileti\u015fim<\/li>\n\n\n\n<li>Ki\u015fiye \u00f6zel tatil tasar\u0131m\u0131<\/li>\n\n\n\n<li>T\u00fcrkiye &amp; Yunanistan\u2019da yerel uzmanl\u0131k<\/li>\n\n\n\n<li>Oteller, marinalar ve havayollar\u0131yla do\u011frudan koordinasyon<\/li>\n<\/ul>\n\n\n\n<p>Siz sadece rezervasyon yapmazs\u0131n\u0131z.<br>Tatili <strong>tasarlars\u0131n\u0131z<\/strong>.<\/p>\n\n\n\n<hr class=\"wp-block-separator has-alpha-channel-opacity\"\/>\n\n\n\n<p>\u0130stersen, bu metnin devam\u0131n\u0131 da (\u00f6rnek 7 \/ 10 \/ 14 g\u00fcnl\u00fck rotalar, aile\u2013\u00e7ift\u2013solo planlar\u0131, Mykonos &amp; Santorini VIP programlar\u0131, Tesla Travel rezervasyon s\u00fcreci ve g\u00fc\u00e7l\u00fc SEO kapan\u0131\u015f\u0131yla) T\u00fcrk\u00e7e olarak tamamlayabilirim.<\/p>\n","protected":false},"excerpt":{"rendered":"<p>Katar\u2019dan Bodrum\u2019a 2026: T\u00fcrkiye, Yunan Adalar\u0131 ve Avrupa\u2019ya A\u00e7\u0131lan Yeni Tatil Rotan\u0131z 2026 y\u0131l\u0131, K\u00f6rfez \u00fclkelerinden gelen gezginler i\u00e7in yepyeni bir d\u00f6nemin ba\u015flang\u0131c\u0131 olacak. A\u00e7\u0131klanan yeni u\u00e7u\u015f rotalar\u0131yla birlikte Bodrum, Katar, Kuveyt ve Orta Do\u011fu\u2019dan gelen misafirler i\u00e7in premium bir giri\u015f kap\u0131s\u0131na d\u00f6n\u00fc\u015f\u00fcyor. Resm\u00ee a\u00e7\u0131klamalara g\u00f6re 17 Haziran 2026 itibar\u0131yla Bodrum, geni\u015fletilen uluslararas\u0131 u\u00e7u\u015f a\u011f\u0131 [&hellip;]<\/p>\n","protected":false},"author":1,"featured_media":7651,"comment_status":"closed","ping_status":"open","sticky":false,"template":"","format":"standard","meta":{"tdm_status":"","tdm_grid_status":"","footnotes":""},"categories":[75,68],"tags":[],"class_list":{"0":"post-7648","1":"post","2":"type-post","3":"status-publish","4":"format-standard","5":"has-post-thumbnail","7":"category-blog","8":"category-bodrum"},"_links":{"self":[{"href":"https:\/\/www.teslatravel.com\/tr\/wp-json\/wp\/v2\/posts\/7648","targetHints":{"allow":["GET"]}}],"collection":[{"href":"https:\/\/www.teslatravel.com\/tr\/wp-json\/wp\/v2\/posts"}],"about":[{"href":"https:\/\/www.teslatravel.com\/tr\/wp-json\/wp\/v2\/types\/post"}],"author":[{"embeddable":true,"href":"https:\/\/www.teslatravel.com\/tr\/wp-json\/wp\/v2\/users\/1"}],"replies":[{"embeddable":true,"href":"https:\/\/www.teslatravel.com\/tr\/wp-json\/wp\/v2\/comments?post=7648"}],"version-history":[{"count":4,"href":"https:\/\/www.teslatravel.com\/tr\/wp-json\/wp\/v2\/posts\/7648\/revisions"}],"predecessor-version":[{"id":7655,"href":"https:\/\/www.teslatravel.com\/tr\/wp-json\/wp\/v2\/posts\/7648\/revisions\/7655"}],"wp:featuredmedia":[{"embeddable":true,"href":"https:\/\/www.teslatravel.com\/tr\/wp-json\/wp\/v2\/media\/7651"}],"wp:attachment":[{"href":"https:\/\/www.teslatravel.com\/tr\/wp-json\/wp\/v2\/media?parent=7648"}],"wp:term":[{"taxonomy":"category","embeddable":true,"href":"https:\/\/www.teslatravel.com\/tr\/wp-json\/wp\/v2\/categories?post=7648"},{"taxonomy":"post_tag","embeddable":true,"href":"https:\/\/www.teslatravel.com\/tr\/wp-json\/wp\/v2\/tags?post=7648"}],"curies":[{"name":"wp","href":"https:\/\/api.w.org\/{rel}","templated":true}]}}